{"id":93,"date":"2020-12-24T13:49:34","date_gmt":"2020-12-24T10:19:34","guid":{"rendered":"https:\/\/ikiko.civiencia.io\/ir\/?p=93"},"modified":"2021-01-10T23:04:27","modified_gmt":"2021-01-10T19:34:27","slug":"%d8%a8%d8%b1%da%af%d8%b2%d8%a7%d8%b1%db%8c-%d9%85%d9%88%d9%81%d9%82-%d9%86%d8%ae%d8%b3%d8%aa%db%8c%d9%86-%d9%87%d9%85%d8%a7%db%8c%d8%b4-ikiko","status":"publish","type":"post","link":"https:\/\/ikiko.civiencia.io\/ir\/2020\/12\/24\/%d8%a8%d8%b1%da%af%d8%b2%d8%a7%d8%b1%db%8c-%d9%85%d9%88%d9%81%d9%82-%d9%86%d8%ae%d8%b3%d8%aa%db%8c%d9%86-%d9%87%d9%85%d8%a7%db%8c%d8%b4-ikiko\/","title":{"rendered":"\u0628\u0631\u06af\u0632\u0627\u0631\u06cc \u0645\u0648\u0641\u0642 \u0646\u062e\u0633\u062a\u06cc\u0646 \u0647\u0645\u0627\u06cc\u0634 IKIKO"},"content":{"rendered":"\n<p>\u0646\u062e\u0633\u062a\u06cc\u0646 \u0647\u0645\u0627\u06cc\u0634 IKIKO \u0637\u06cc \u062f\u0648 \u0631\u0648\u0632 \u0628\u0631 \u0627\u0633\u0627\u0633 \u0628\u0631\u0646\u0627\u0645\u0647 \u067e\u06cc\u0634\u200c\u0628\u06cc\u0646\u06cc \u0634\u062f\u0647 \u0628\u0647 \u0634\u0631\u062d \u0632\u06cc\u0631 \u0628\u0627 \u0645\u0648\u0641\u0642\u06cc\u062a \u0628\u0631\u06af\u0632\u0627\u0631 \u0634\u062f. \u062f\u0631 \u0627\u06cc\u0646 \u0635\u0641\u062d\u0647 \u0645\u06cc\u062a\u0648\u0627\u0646\u06cc\u062f \u0641\u06cc\u0644\u0645 \u06a9\u0627\u0645\u0644 \u0628\u0631\u0646\u0627\u0645\u0647 \u0647\u0627\u06cc \u0627\u062c\u0631\u0627 \u0634\u062f\u0647 \u0631\u0627 \u0645\u0644\u0627\u062d\u0638\u0647 \u0641\u0631\u0645\u0627\u06cc\u06cc\u062f.<\/p>\n\n\n\n<p dir=\"ltr\"> La programo de la \u201cInternacia Kongreso pri Interkultura KomunikadO\u201d (IKIKO)<\/p>\n\n\n\n<p dir=\"ltr\">Irana Sekcio<\/p>\n\n\n\n<p dir=\"ltr\">La\u016d la UTC:<\/p>\n\n\n\n<p dir=\"ltr\">\u0134a\u016ddon, la 17-an de dec. 2020:<br>13:30 <a href=\"https:\/\/www.aparat.com\/v\/1Jib5\" target=\"_blank\" rel=\"noreferrer noopener\">D-ro Keyhan Sayadpur: \u201cPri Iranaj Nomoj\u201d<\/a><\/p>\n\n\n\n<p dir=\"ltr\">14:30 <a href=\"https:\/\/www.aparat.com\/v\/cLiVQ\" target=\"_blank\" rel=\"noreferrer noopener\">In\u011d. Ahmadreza Mamduhi: \u201cInternaciaj Retinarioj por Prezentado de Esperanto en Universitatoj\u201d kaj \u201cEsperanto por fremdlandaj studentoj en Irano\u201d<\/a><br>15:30 <a href=\"https:\/\/www.aparat.com\/v\/Lk03g\" target=\"_blank\" rel=\"noreferrer noopener\">D-ro Adel Rafii kaj Prof. Renato Corsetti \u201cLingvistikaj Aspektoj de Esperanto\u201d kun \u0109eesto de sociologino Stela Besnyei-Merger, denaska esperantisto<\/a><\/p>\n\n\n\n<p class=\"has-text-align-right\"><strong>\u0647\u0645\u0627\u06cc\u0634 \u0628\u06cc\u0646\u200c\u0627\u0644\u0645\u0644\u0644\u06cc \u0627\u0631\u062a\u0628\u0627\u0637\u0627\u062a \u0628\u06cc\u0646\u200c\u200c\u0641\u0631\u0647\u0646\u06af\u06cc<\/strong><\/p>\n\n\n\n<ul><li>\u0628\u062e\u0634 \u0627\u06cc\u0631\u0627\u0646<br>\u067e\u0646\u062c\u200c\u0634\u0646\u0628\u0647 27 \u0622\u0630\u0631:<\/li><\/ul>\n\n\n\n<p>\u0633\u0627\u0639\u062a 17:00: <a href=\"https:\/\/www.aparat.com\/v\/1Jib5\" target=\"_blank\" rel=\"noreferrer noopener\">\u062f\u06a9\u062a\u0631 \u06a9\u06cc\u0647\u0627\u0646 \u0635\u06cc\u0627\u062f\u067e\u0648\u0631 \u00ab\u062f\u0631\u0628\u0627\u0631\u0647\u200c\u06cc \u0627\u0633\u0627\u0645\u06cc \u0627\u06cc\u0631\u0627\u0646\u06cc\u00bb<\/a><\/p>\n\n\n\n<p>\u0633\u0627\u0639\u062a 18:00 <a href=\"https:\/\/www.aparat.com\/v\/cLiVQ\" target=\"_blank\" rel=\"noreferrer noopener\">\u0627\u062d\u0645\u062f\u0631\u0636\u0627 \u0645\u0645\u062f\u0648\u062d\u06cc \u00ab \u0648\u0628\u06cc\u0646\u0627\u0631\u0647\u0627\u06cc \u0628\u06cc\u0646\u200c\u0627\u0644\u0645\u0644\u0644\u06cc \u0645\u0639\u0631\u0641\u06cc \u0627\u0633\u067e\u0631\u0627\u0646\u062a\u0648 \u062f\u0631 \u062f\u0627\u0646\u0634\u06af\u0627\u0647\u200c\u0647\u0627\u00bb \u0648 \u00ab\u0627\u0633\u067e\u0631\u0627\u0646\u062a\u0648 \u0628\u0631\u0627\u06cc \u062f\u0627\u0646\u0634\u062c\u0648\u06cc\u0627\u0646 \u062e\u0627\u0631\u062c\u06cc \u062f\u0631 \u0627\u06cc\u0631\u0627\u0646\u00bb<\/a><\/p>\n\n\n\n<p>\u0633\u0627\u0639\u062a 19:00: <a href=\"https:\/\/www.aparat.com\/v\/Lk03g\">\u062f\u06a9\u062a\u0631 \u0639\u0627\u062f\u0644 \u0631\u0641\u06cc\u0639\u06cc \u0648 \u067e\u0631\u0648\u0641\u0633\u0648\u0631 \u0631\u0650\u0646\u0627\u062a\u0648 \u06a9\u0648\u0631\u0633\u0650\u062a\u0651\u06cc \u00ab\u0627\u0628\u0639\u0627\u062f \u0632\u0628\u0627\u0646\u200c\u0634\u0646\u0627\u062e\u062a\u06cc \u0627\u0633\u067e\u0631\u0627\u0646\u062a\u0648\u00bb\u060c \u0628\u0627 \u062d\u0636\u0648\u0631 \u062c\u0627\u0645\u0639\u0647\u200c\u0634\u0646\u0627\u0633 \u0648 \u0627\u0633\u067e\u0631\u0627\u0646\u062a\u0648\u062f\u0627\u0646 \u0645\u0627\u062f\u0631\u0632\u0627\u062f\u060c \u062e\u0627\u0646\u0645 \u0633\u062a\u0650\u0644\u0627 \u0628\u0650\u0633\u0650\u0646\u06cc\u06cc-\u0645\u0650\u0631\u06af\u0650\u0631<\/a><a href=\"https:\/\/www.aparat.com\/v\/Lk03g\" target=\"_blank\" rel=\"noreferrer noopener\">https:\/\/www.aparat.com\/v\/Lk03g<\/a><\/p>\n\n\n\n<p dir=\"ltr\"><br>Ligilo al la filmo de la tuta programo, kiu okazis dulingve (Esperante kaj perse) en la jutuba kanalo de UEA:<\/p>\n\n\n\n<figure class=\"wp-block-embed-youtube wp-block-embed is-type-video is-provider-youtube wp-embed-aspect-16-9 wp-has-aspect-ratio\"><div class=\"wp-block-embed__wrapper\">\n<div class=\"jetpack-video-wrapper\"><iframe loading=\"lazy\" title=\"Internacia Kongreso pri Interkultura KomunikadO IKIKO\" width=\"640\" height=\"360\" src=\"https:\/\/www.youtube.com\/embed\/9rsHTHOPNBk?start=8620&#038;feature=oembed\" frameborder=\"0\" allow=\"accelerometer; autoplay; clipboard-write; encrypted-media; gyroscope; picture-in-picture\" allowfullscreen><\/iframe><\/div>\n<\/div><figcaption>\u0641\u06cc\u0644\u0645 \u06a9\u0627\u0645\u0644 \u0628\u0631\u0646\u0627\u0645\u0647 \u0631\u0648\u0632 \u0646\u062e\u0633\u062a \u0647\u0645\u0627\u06cc\u0634 IKIKO<\/figcaption><\/figure>\n\n\n\n<p><\/p>\n\n\n\n<p><\/p>\n\n\n\n<p dir=\"ltr\">La programo de la \u201cInternacia Kongreso pri Interkultura KomunikadO\u201d (IKIKO)<\/p>\n\n\n\n<p dir=\"ltr\">Irana Sekcio<\/p>\n\n\n\n<p dir=\"ltr\">La\u016d la UTC:<\/p>\n\n\n\n<p dir=\"ltr\">Vendredon, la 18-an de dec. 2020:<br>11:30 <a href=\"https:\/\/www.aparat.com\/v\/QTug3\" target=\"_blank\" rel=\"noreferrer noopener\">F-ino Sepide Dolat\u015dahi (advokatino) \u201cLingva Justeco\u201d<\/a><\/p>\n\n\n\n<p dir=\"ltr\">11:30 <a href=\"https:\/\/www.aparat.com\/v\/0FxDZ\">S-ino Mahta Mamduhi \u201cMalsekaj Ruboj ne rubas\u201d<\/a><\/p>\n\n\n\n<p dir=\"ltr\">12:30 <a href=\"https:\/\/www.aparat.com\/v\/NjTrH\" target=\"_blank\" rel=\"noreferrer noopener\">D-ro Salah Mohammadpur \u201cAmikeco, Turismo, Esperanto\u201d<\/a><br>13:30 <a href=\"https:\/\/www.aparat.com\/v\/Tl2g9\" target=\"_blank\" rel=\"noreferrer noopener\">S-ino Ro\u015danak Zarei (magistro pri psikologio) \u201cMenso-perdado dum la Pandemia periodo\u201d<\/a><\/p>\n\n\n\n<p>\u0647\u0645\u0627\u06cc\u0634 \u0628\u06cc\u0646\u200c\u0627\u0644\u0645\u0644\u0644\u06cc \u0627\u0631\u062a\u0628\u0627\u0637\u0627\u062a \u0628\u06cc\u0646\u200c\u200c\u0641\u0631\u0647\u0646\u06af\u06cc<\/p>\n\n\n\n<ul><li>\u0628\u062e\u0634 \u0627\u06cc\u0631\u0627\u0646<\/li><\/ul>\n\n\n\n<p>\u062c\u0645\u0639\u0647 28 \u0622\u0630\u0631<\/p>\n\n\n\n<p>\u0633\u0627\u0639\u062a 14:00: <a href=\"https:\/\/www.aparat.com\/v\/QTug3\" target=\"_blank\" rel=\"noreferrer noopener\">\u0633\u067e\u06cc\u062f\u0647 \u062f\u0648\u0644\u062a\u0634\u0627\u0647\u06cc (\u0648\u06a9\u06cc\u0644 \u067e\u0627\u06cc\u0647 \u06cc\u06a9 \u062f\u0627\u062f\u06af\u0633\u062a\u0631\u06cc) \u00ab\u0639\u062f\u0627\u0644\u062a \u0632\u0628\u0627\u0646\u06cc\u00bb<\/a><\/p>\n\n\n\n<p>\u0633\u0627\u0639\u062a 15:00: <a href=\"https:\/\/www.aparat.com\/v\/0FxDZ\" target=\"_blank\" rel=\"noreferrer noopener\">\u0645\u0647\u062a\u0627 \u0645\u0645\u062f\u0648\u062d\u06cc \u00ab\u067e\u0633\u0645\u0627\u0646\u062f \u062a\u0631 \u0630\u0628\u0627\u0644\u0647 \u0646\u06cc\u0633\u062a\u00bb<\/a><\/p>\n\n\n\n<p>\u0633\u0627\u0639\u062a 16:00: <a href=\"https:\/\/www.aparat.com\/v\/NjTrH\" target=\"_blank\" rel=\"noreferrer noopener\">\u062f\u06a9\u062a\u0631 \u0635\u0627\u0644\u062d \u0645\u062d\u0645\u062f\u067e\u0648\u0631 \u00ab\u062f\u0648\u0633\u062a\u06cc\u060c \u06af\u0631\u062f\u0634\u200c\u06af\u0631\u06cc\u060c \u0627\u0633\u067e\u0631\u0627\u0646\u062a\u0648\u00bb<\/a><\/p>\n\n\n\n<p>\u0633\u0627\u0639\u062a 17:00: <a href=\"https:\/\/www.aparat.com\/v\/Tl2g9\" target=\"_blank\" rel=\"noreferrer noopener\">\u062e\u0627\u0646\u0645 \u0631\u0648\u0634\u0646\u06a9 \u0632\u0627\u0631\u0639\u06cc (\u06a9\u0627\u0631\u0634\u0646\u0627\u0633 \u0627\u0631\u0634\u062f \u0631\u0648\u0627\u0646\u200c\u0634\u0646\u0627\u0633\u06cc) \u00ab\u06af\u0645\u200c\u06af\u0634\u062a\u06af\u06cc \u0630\u0647\u0646 \u062f\u0631 \u062f\u0648\u0631\u0627\u0646 \u067e\u0627\u0646\u062f\u0645\u06cc\u00bb<\/a><\/p>\n\n\n\n<p dir=\"ltr\"><br>Ligilo al la filmo de la tuta programo, kiu okazis dulingve (Esperante kaj perse) en la jutuba kanalo de UEA:<\/p>\n\n\n\n<figure class=\"wp-block-embed-youtube wp-block-embed is-type-video is-provider-youtube wp-embed-aspect-16-9 wp-has-aspect-ratio\"><div class=\"wp-block-embed__wrapper\">\n<div class=\"jetpack-video-wrapper\"><iframe loading=\"lazy\" title=\"La 2-a tago de la Internacia Kongreso pri Interkultura KomunikadO (IKIKO)\" width=\"640\" height=\"360\" src=\"https:\/\/www.youtube.com\/embed\/UGA4WtBLkgw?start=1981&#038;feature=oembed\" frameborder=\"0\" allow=\"accelerometer; autoplay; clipboard-write; encrypted-media; gyroscope; picture-in-picture\" allowfullscreen><\/iframe><\/div>\n<\/div><figcaption>\u0641\u06cc\u0644\u0645 \u06a9\u0627\u0645\u0644 \u0628\u0631\u0646\u0627\u0645\u0647 \u0631\u0648\u0632 \u062f\u0648\u0645 \u0647\u0645\u0627\u06cc\u0634 IKIKO<\/figcaption><\/figure>\n","protected":false},"excerpt":{"rendered":"<p>\u0646\u062e\u0633\u062a\u06cc\u0646 \u0647\u0645\u0627\u06cc\u0634 IKIKO \u0637\u06cc \u062f\u0648 \u0631\u0648\u0632 \u0628\u0631 \u0627\u0633\u0627\u0633 \u0628\u0631\u0646\u0627\u0645\u0647 \u067e\u06cc\u0634\u200c\u0628\u06cc\u0646\u06cc \u0634\u062f\u0647 \u0628\u0647 \u0634\u0631\u062d \u0632\u06cc\u0631 \u0628\u0627 \u0645\u0648\u0641\u0642\u06cc\u062a \u0628\u0631\u06af\u0632\u0627\u0631 \u0634\u062f. \u062f\u0631 \u0627\u06cc\u0646 \u0635\u0641\u062d\u0647 \u0645\u06cc\u062a\u0648\u0627\u0646\u06cc\u062f \u0641\u06cc\u0644\u0645 \u06a9\u0627\u0645\u0644 \u0628\u0631\u0646\u0627\u0645\u0647 \u0647\u0627\u06cc \u0627\u062c\u0631\u0627 \u0634\u062f\u0647 \u0631\u0627 \u0645\u0644\u0627\u062d\u0638\u0647 \u0641\u0631\u0645\u0627\u06cc\u06cc\u062f. La programo de la \u201cInternacia Kongreso pri Interkultura KomunikadO\u201d (IKIKO) Irana Sekcio La\u016d la UTC: \u0134a\u016ddon, la 17-an de dec. 2020:13:30 D-ro Keyhan Sayadpur: &hellip; <\/p>\n","protected":false},"author":6,"featured_media":80,"comment_status":"open","ping_status":"open","sticky":false,"template":"","format":"standard","meta":{"_bbp_topic_count":0,"_bbp_reply_count":0,"_bbp_total_topic_count":0,"_bbp_total_reply_count":0,"_bbp_voice_count":0,"_bbp_anonymous_reply_count":0,"_bbp_topic_count_hidden":0,"_bbp_reply_count_hidden":0,"_bbp_forum_subforum_count":0},"categories":[1],"tags":[],"jetpack_featured_media_url":"https:\/\/ikiko.civiencia.io\/ir\/wp-content\/uploads\/sites\/4\/2020\/12\/Logeto_en_retejo_IKIKO_512x512.png","_links":{"self":[{"href":"https:\/\/ikiko.civiencia.io\/ir\/wp-json\/wp\/v2\/posts\/93"}],"collection":[{"href":"https:\/\/ikiko.civiencia.io\/ir\/wp-json\/wp\/v2\/posts"}],"about":[{"href":"https:\/\/ikiko.civiencia.io\/ir\/wp-json\/wp\/v2\/types\/post"}],"author":[{"embeddable":true,"href":"https:\/\/ikiko.civiencia.io\/ir\/wp-json\/wp\/v2\/users\/6"}],"replies":[{"embeddable":true,"href":"https:\/\/ikiko.civiencia.io\/ir\/wp-json\/wp\/v2\/comments?post=93"}],"version-history":[{"count":2,"href":"https:\/\/ikiko.civiencia.io\/ir\/wp-json\/wp\/v2\/posts\/93\/revisions"}],"predecessor-version":[{"id":97,"href":"https:\/\/ikiko.civiencia.io\/ir\/wp-json\/wp\/v2\/posts\/93\/revisions\/97"}],"wp:featuredmedia":[{"embeddable":true,"href":"https:\/\/ikiko.civiencia.io\/ir\/wp-json\/wp\/v2\/media\/80"}],"wp:attachment":[{"href":"https:\/\/ikiko.civiencia.io\/ir\/wp-json\/wp\/v2\/media?parent=93"}],"wp:term":[{"taxonomy":"category","embeddable":true,"href":"https:\/\/ikiko.civiencia.io\/ir\/wp-json\/wp\/v2\/categories?post=93"},{"taxonomy":"post_tag","embeddable":true,"href":"https:\/\/ikiko.civiencia.io\/ir\/wp-json\/wp\/v2\/tags?post=93"}],"curies":[{"name":"wp","href":"https:\/\/api.w.org\/{rel}","templated":true}]}}